{"id":3784,"date":"2026-08-26T10:38:40","date_gmt":"2026-08-26T13:38:40","guid":{"rendered":"https:\/\/www.bauecarroceria.com.br\/blog\/?p=3784"},"modified":"2026-08-26T10:38:53","modified_gmt":"2026-08-26T13:38:53","slug":"escolha-seu-bau-refrigerado-novo-com-projeto-exclusivo","status":"publish","type":"post","link":"https:\/\/www.bauecarroceria.com.br\/blog\/escolha-seu-bau-refrigerado-novo-com-projeto-exclusivo\/","title":{"rendered":"Escolha seu ba\u00fa refrigerado novo com projeto exclusivo"},"content":{"rendered":"<span class=\"span-reading-time rt-reading-time\" style=\"display: block;\"><span class=\"rt-label rt-prefix\">Tempo de leitura:<\/span> <span class=\"rt-time\"> 4<\/span> <span class=\"rt-label rt-postfix\">minutos<\/span><\/span>\n<p class=\"has-medium-font-size wp-block-paragraph\"><strong><em>Encontre ba\u00fa refrigerado novo sob medida para sua carga, com isolamento t\u00e9rmico, estrutura personalizada e suporte especializado.<\/em><\/strong><\/p>\n\n\n\n<p class=\"wp-block-paragraph\">Transportar alimentos, medicamentos, insumos agroindustriais e outras cargas perec\u00edveis exige controle de temperatura, estrutura adequada e seguran\u00e7a durante todo o trajeto. Por isso, escolher um <strong>ba\u00fa refrigerado novo<\/strong> deve considerar muito mais do que as dimens\u00f5es externas do implemento.<\/p>\n\n\n\n<p class=\"wp-block-paragraph\">Cada opera\u00e7\u00e3o possui particularidades. Tipo de carga, volume transportado, rotina de entregas, dist\u00e2ncia percorrida e modelo do caminh\u00e3o interferem diretamente na configura\u00e7\u00e3o mais indicada.<\/p>\n\n\n\n<p class=\"wp-block-paragraph\">Quando o projeto \u00e9 desenvolvido de forma personalizada, o ba\u00fa passa a acompanhar as necessidades reais da opera\u00e7\u00e3o. <strong>Isso ajuda a reduzir improvisos, aproveitar melhor o espa\u00e7o e manter condi\u00e7\u00f5es t\u00e9rmicas mais est\u00e1veis desde o primeiro uso.<\/strong><\/p>\n\n\n\n<ul class=\"wp-block-list\">\n<li><a href=\"https:\/\/www.bauecarroceria.com.br\/blog\/bau-sob-medida-para-caminhao-ou-tamanho-padrao\/\">Ba\u00fa sob medida para caminh\u00e3o ou tamanho padr\u00e3o: qual compensa mais?<\/a>\u00a0<\/li>\n<\/ul>\n\n\n\n<div id=\"ez-toc-container\" class=\"ez-toc-v2_0_79_2 counter-hierarchy ez-toc-counter ez-toc-grey ez-toc-container-direction\">\n<div class=\"ez-toc-title-container\">\n<p class=\"ez-toc-title\" style=\"cursor:inherit\">O que abordaremos neste artigo:<\/p>\n<span class=\"ez-toc-title-toggle\"><a href=\"#\" class=\"ez-toc-pull-right ez-toc-btn ez-toc-btn-xs ez-toc-btn-default ez-toc-toggle\" aria-label=\"Alternar tabela de conte\u00fado\"><span class=\"ez-toc-js-icon-con\"><span class=\"\"><span class=\"eztoc-hide\" style=\"display:none;\">Toggle<\/span><span class=\"ez-toc-icon-toggle-span\"><svg style=\"fill: #999;color:#999\" xmlns=\"http:\/\/www.w3.org\/2000\/svg\" class=\"list-377408\" width=\"20px\" height=\"20px\" viewBox=\"0 0 24 24\" fill=\"none\"><path d=\"M6 6H4v2h2V6zm14 0H8v2h12V6zM4 11h2v2H4v-2zm16 0H8v2h12v-2zM4 16h2v2H4v-2zm16 0H8v2h12v-2z\" fill=\"currentColor\"><\/path><\/svg><svg style=\"fill: #999;color:#999\" class=\"arrow-unsorted-368013\" xmlns=\"http:\/\/www.w3.org\/2000\/svg\" width=\"10px\" height=\"10px\" viewBox=\"0 0 24 24\" version=\"1.2\" baseProfile=\"tiny\"><path d=\"M18.2 9.3l-6.2-6.3-6.2 6.3c-.2.2-.3.4-.3.7s.1.5.3.7c.2.2.4.3.7.3h11c.3 0 .5-.1.7-.3.2-.2.3-.5.3-.7s-.1-.5-.3-.7zM5.8 14.7l6.2 6.3 6.2-6.3c.2-.2.3-.5.3-.7s-.1-.5-.3-.7c-.2-.2-.4-.3-.7-.3h-11c-.3 0-.5.1-.7.3-.2.2-.3.5-.3.7s.1.5.3.7z\"\/><\/svg><\/span><\/span><\/span><\/a><\/span><\/div>\n<nav><ul class='ez-toc-list ez-toc-list-level-1 ' ><li class='ez-toc-page-1 ez-toc-heading-level-2'><a class=\"ez-toc-link ez-toc-heading-1\" href=\"https:\/\/www.bauecarroceria.com.br\/blog\/escolha-seu-bau-refrigerado-novo-com-projeto-exclusivo\/#Bau_e_Carroceria_experiencia_em_solucoes_para_transporte\" >Ba\u00fa e Carroceria: experi\u00eancia em solu\u00e7\u00f5es para transporte<\/a><\/li><li class='ez-toc-page-1 ez-toc-heading-level-2'><a class=\"ez-toc-link ez-toc-heading-2\" href=\"https:\/\/www.bauecarroceria.com.br\/blog\/escolha-seu-bau-refrigerado-novo-com-projeto-exclusivo\/#Como_funciona_um_bau_refrigerado_novo\" >Como funciona um ba\u00fa refrigerado novo<\/a><\/li><li class='ez-toc-page-1 ez-toc-heading-level-2'><a class=\"ez-toc-link ez-toc-heading-3\" href=\"https:\/\/www.bauecarroceria.com.br\/blog\/escolha-seu-bau-refrigerado-novo-com-projeto-exclusivo\/#Beneficios_de_escolher_um_bau_refrigerado_novo\" >Benef\u00edcios de escolher um ba\u00fa refrigerado novo<\/a><\/li><li class='ez-toc-page-1 ez-toc-heading-level-2'><a class=\"ez-toc-link ez-toc-heading-4\" href=\"https:\/\/www.bauecarroceria.com.br\/blog\/escolha-seu-bau-refrigerado-novo-com-projeto-exclusivo\/#Por_que_fazer_um_bau_refrigerado_sob_medida\" >Por que fazer um ba\u00fa refrigerado sob medida<\/a><\/li><li class='ez-toc-page-1 ez-toc-heading-level-2'><a class=\"ez-toc-link ez-toc-heading-5\" href=\"https:\/\/www.bauecarroceria.com.br\/blog\/escolha-seu-bau-refrigerado-novo-com-projeto-exclusivo\/#Para_quais_cargas_o_bau_refrigerado_novo_e_indicado\" >Para quais cargas o ba\u00fa refrigerado novo \u00e9 indicado?<\/a><\/li><li class='ez-toc-page-1 ez-toc-heading-level-2'><a class=\"ez-toc-link ez-toc-heading-6\" href=\"https:\/\/www.bauecarroceria.com.br\/blog\/escolha-seu-bau-refrigerado-novo-com-projeto-exclusivo\/#O_que_considerar_antes_de_solicitar_seu_projeto\" >O que considerar antes de solicitar seu projeto<\/a><\/li><li class='ez-toc-page-1 ez-toc-heading-level-2'><a class=\"ez-toc-link ez-toc-heading-7\" href=\"https:\/\/www.bauecarroceria.com.br\/blog\/escolha-seu-bau-refrigerado-novo-com-projeto-exclusivo\/#Escolha_seu_bau_refrigerado_novo_com_projeto_personalizado\" >Escolha seu ba\u00fa refrigerado novo com projeto personalizado<\/a><\/li><\/ul><\/nav><\/div>\n<h2 class=\"wp-block-heading\"><span class=\"ez-toc-section\" id=\"Bau_e_Carroceria_experiencia_em_solucoes_para_transporte\"><\/span><strong>Ba\u00fa e Carroceria: experi\u00eancia em solu\u00e7\u00f5es para transporte<\/strong><span class=\"ez-toc-section-end\"><\/span><\/h2>\n\n\n\n<p class=\"wp-block-paragraph\">A <strong>Ba\u00fa e Carroceria<\/strong> atua h\u00e1 mais de 13 anos no mercado de caminh\u00f5es ba\u00fa, atendendo clientes em todo o territ\u00f3rio brasileiro com solu\u00e7\u00f5es voltadas para implementos rodovi\u00e1rios.<\/p>\n\n\n\n<p class=\"wp-block-paragraph\">A empresa trabalha com ba\u00fas novos e usados, reformas especializadas, manuten\u00e7\u00e3o e projetos de isolamento t\u00e9rmico. O atendimento busca entender primeiro a necessidade da opera\u00e7\u00e3o para, ent\u00e3o, indicar a configura\u00e7\u00e3o mais adequada.<\/p>\n\n\n\n<p class=\"wp-block-paragraph\">No caso de <a href=\"https:\/\/www.bauecarroceria.com.br\/bau-refrigerado-novo\"><strong>ba\u00fa refrigerado novo<\/strong><\/a>, essa experi\u00eancia permite desenvolver projetos voltados para diferentes segmentos, cargas e modelos de ve\u00edculos comerciais.<\/p>\n\n\n\n<p class=\"wp-block-paragraph\"><strong>O foco est\u00e1 em oferecer uma solu\u00e7\u00e3o compat\u00edvel com o dia a dia do cliente, considerando desempenho t\u00e9rmico, estrutura, durabilidade e facilidade de opera\u00e7\u00e3o.<\/strong><\/p>\n\n\n\n<h2 class=\"wp-block-heading\"><span class=\"ez-toc-section\" id=\"Como_funciona_um_bau_refrigerado_novo\"><\/span><strong>Como funciona um ba\u00fa refrigerado novo<\/strong><span class=\"ez-toc-section-end\"><\/span><\/h2>\n\n\n\n<p class=\"wp-block-paragraph\">O <strong>ba\u00fa refrigerado novo<\/strong> \u00e9 desenvolvido para opera\u00e7\u00f5es que precisam transportar <strong>produtos sens\u00edveis \u00e0s varia\u00e7\u00f5es de temperatura.<\/strong> A estrutura conta com isolamento t\u00e9rmico e sistemas de veda\u00e7\u00e3o capazes de ajudar a preservar as condi\u00e7\u00f5es internas durante o transporte.<\/p>\n\n\n\n<p class=\"wp-block-paragraph\">Materiais de alto desempenho t\u00e9rmico, portas devidamente vedadas e acabamentos resistentes \u00e0 umidade e aos impactos contribuem para uma opera\u00e7\u00e3o mais segura.<\/p>\n\n\n\n<p class=\"wp-block-paragraph\">Entre os principais pontos que podem ser considerados no projeto est\u00e3o:<\/p>\n\n\n\n<ul class=\"wp-block-list\">\n<li>dimens\u00f5es de acordo com o caminh\u00e3o e a capacidade desejada;<\/li>\n\n\n\n<li>isolamento t\u00e9rmico compat\u00edvel com o tipo de carga;<\/li>\n\n\n\n<li>portas e sistemas de veda\u00e7\u00e3o adequados \u00e0 rotina de opera\u00e7\u00e3o;<\/li>\n\n\n\n<li>divis\u00f3rias internas conforme a necessidade log\u00edstica;<\/li>\n\n\n\n<li>acabamentos resistentes para facilitar conserva\u00e7\u00e3o e higieniza\u00e7\u00e3o.<\/li>\n<\/ul>\n\n\n\n<h2 class=\"wp-block-heading\"><span class=\"ez-toc-section\" id=\"Beneficios_de_escolher_um_bau_refrigerado_novo\"><\/span><strong>Benef\u00edcios de escolher um ba\u00fa refrigerado novo<\/strong><span class=\"ez-toc-section-end\"><\/span><\/h2>\n\n\n\n<p class=\"wp-block-paragraph\">A compra de um equipamento novo traz a possibilidade de configurar toda a estrutura pensando nas exig\u00eancias atuais da opera\u00e7\u00e3o, sem depender das limita\u00e7\u00f5es de um implemento j\u00e1 utilizado anteriormente.<\/p>\n\n\n\n<p class=\"wp-block-paragraph\">Essa caracter\u00edstica pode ser especialmente relevante para empresas que trabalham com cargas sens\u00edveis, nas quais pequenas varia\u00e7\u00f5es de temperatura podem afetar a qualidade dos produtos transportados.<\/p>\n\n\n\n<p class=\"wp-block-paragraph\">Entre os benef\u00edcios que costumam ser mais valorizados est\u00e3o:<\/p>\n\n\n\n<ul class=\"wp-block-list\">\n<li>maior homogeneidade da temperatura no compartimento;<\/li>\n\n\n\n<li>melhor aproveitamento do espa\u00e7o interno;<\/li>\n\n\n\n<li>possibilidade de reduzir o consumo energ\u00e9tico;<\/li>\n\n\n\n<li>componentes preparados para manuten\u00e7\u00e3o preventiva;<\/li>\n\n\n\n<li>estrutura nova, adequada ao tipo de opera\u00e7\u00e3o desde a fabrica\u00e7\u00e3o.<\/li>\n<\/ul>\n\n\n\n<p class=\"wp-block-paragraph\"><strong>Um projeto bem dimensionado favorece a distribui\u00e7\u00e3o t\u00e9rmica interna e pode reduzir o esfor\u00e7o exigido do sistema de refrigera\u00e7\u00e3o.<\/strong><\/p>\n\n\n\n<ul class=\"wp-block-list\">\n<li><a href=\"https:\/\/www.bauecarroceria.com.br\/blog\/como-escolher-carroceria-de-carga-seca-para-caminhao\/\">Como escolher carroceria de carga seca para caminh\u00e3o<\/a>\u00a0<\/li>\n<\/ul>\n\n\n\n<h2 class=\"wp-block-heading\"><span class=\"ez-toc-section\" id=\"Por_que_fazer_um_bau_refrigerado_sob_medida\"><\/span><strong>Por que fazer um ba\u00fa refrigerado sob medida<\/strong><span class=\"ez-toc-section-end\"><\/span><\/h2>\n\n\n\n<p class=\"wp-block-paragraph\">Nem toda opera\u00e7\u00e3o refrigerada transporta o mesmo tipo ou volume de carga. Por isso, utilizar uma configura\u00e7\u00e3o gen\u00e9rica pode significar espa\u00e7o desperdi\u00e7ado, dificuldade de organiza\u00e7\u00e3o ou uma distribui\u00e7\u00e3o t\u00e9rmica menos adequada.<\/p>\n\n\n\n<figure class=\"wp-block-image size-large\"><img fetchpriority=\"high\" decoding=\"async\" width=\"1024\" height=\"683\" src=\"https:\/\/www.bauecarroceria.com.br\/blog\/wp-content\/uploads\/2026\/08\/image-2026-08-26T102931.478-1024x683.jpg\" alt=\"\" class=\"wp-image-3786\" srcset=\"https:\/\/www.bauecarroceria.com.br\/blog\/wp-content\/uploads\/2026\/08\/image-2026-08-26T102931.478-1024x683.jpg 1024w, https:\/\/www.bauecarroceria.com.br\/blog\/wp-content\/uploads\/2026\/08\/image-2026-08-26T102931.478-300x200.jpg 300w, https:\/\/www.bauecarroceria.com.br\/blog\/wp-content\/uploads\/2026\/08\/image-2026-08-26T102931.478-768x512.jpg 768w, https:\/\/www.bauecarroceria.com.br\/blog\/wp-content\/uploads\/2026\/08\/image-2026-08-26T102931.478.jpg 1536w\" sizes=\"(max-width: 1024px) 100vw, 1024px\" \/><\/figure>\n\n\n\n<p class=\"wp-block-paragraph\">Um <strong>ba\u00fa refrigerado novo sob medida<\/strong> pode ser configurado considerando dimens\u00f5es internas, divis\u00f3rias, acessos, acabamento e outros detalhes ligados \u00e0 rotina log\u00edstica.<\/p>\n\n\n\n<p class=\"wp-block-paragraph\">Esse cuidado tamb\u00e9m facilita a adapta\u00e7\u00e3o da estrutura \u00e0s caracter\u00edsticas do caminh\u00e3o e \u00e0s condi\u00e7\u00f5es de carregamento e descarregamento encontradas no dia a dia.<\/p>\n\n\n\n<p class=\"wp-block-paragraph\"><strong>Quanto mais o projeto conversa com a opera\u00e7\u00e3o real, menor tende a ser a necessidade de adapta\u00e7\u00f5es posteriores.<\/strong> Essa \u00e9 uma das raz\u00f5es para avaliar a personaliza\u00e7\u00e3o antes de fechar a compra.<\/p>\n\n\n\n<h2 class=\"wp-block-heading\"><span class=\"ez-toc-section\" id=\"Para_quais_cargas_o_bau_refrigerado_novo_e_indicado\"><\/span><strong>Para quais cargas o ba\u00fa refrigerado novo \u00e9 indicado?<\/strong><span class=\"ez-toc-section-end\"><\/span><\/h2>\n\n\n\n<p class=\"wp-block-paragraph\">O uso do <strong>ba\u00fa refrigerado novo<\/strong> \u00e9 indicado principalmente para mercadorias que precisam permanecer sob condi\u00e7\u00f5es t\u00e9rmicas controladas durante o transporte.<\/p>\n\n\n\n<p class=\"wp-block-paragraph\">A configura\u00e7\u00e3o exata depende da temperatura exigida pela carga, do tempo de deslocamento e da maneira como os produtos ser\u00e3o armazenados dentro do compartimento.<\/p>\n\n\n\n<p class=\"wp-block-paragraph\">Alguns exemplos de aplica\u00e7\u00f5es incluem:<\/p>\n\n\n\n<ul class=\"wp-block-list\">\n<li>alimentos perec\u00edveis e produtos refrigerados;<\/li>\n\n\n\n<li>medicamentos que exigem controle t\u00e9rmico;<\/li>\n\n\n\n<li>insumos agroindustriais sens\u00edveis \u00e0 temperatura;<\/li>\n\n\n\n<li>produtos utilizados por distribuidores e operadores log\u00edsticos;<\/li>\n\n\n\n<li>cargas que precisam de ambiente interno protegido contra varia\u00e7\u00f5es t\u00e9rmicas.<\/li>\n<\/ul>\n\n\n\n<p class=\"wp-block-paragraph\">A avalia\u00e7\u00e3o t\u00e9cnica antes da fabrica\u00e7\u00e3o ajuda a definir isolamento, estrutura e demais caracter\u00edsticas do implemento de maneira coerente com a finalidade do transporte.<\/p>\n\n\n\n<h2 class=\"wp-block-heading\"><span class=\"ez-toc-section\" id=\"O_que_considerar_antes_de_solicitar_seu_projeto\"><\/span><strong>O que considerar antes de solicitar seu projeto<\/strong><span class=\"ez-toc-section-end\"><\/span><\/h2>\n\n\n\n<p class=\"wp-block-paragraph\">Antes de comprar um <strong>ba\u00fa refrigerado novo<\/strong>, vale reunir informa\u00e7\u00f5es sobre a opera\u00e7\u00e3o. Saber <strong>quais produtos ser\u00e3o transportados<\/strong>, qual o volume m\u00e9dio de carga e em qual ve\u00edculo o implemento ser\u00e1 instalado ajuda a tornar o or\u00e7amento mais preciso.<\/p>\n\n\n\n<p class=\"wp-block-paragraph\">Tamb\u00e9m \u00e9 interessante avaliar a <strong>rotina de entregas<\/strong>. Opera\u00e7\u00f5es com muitas aberturas de porta ao longo do dia podem ter necessidades diferentes daquelas que percorrem longas dist\u00e2ncias com poucas paradas.<\/p>\n\n\n\n<p class=\"wp-block-paragraph\">Outro ponto \u00e9 o <strong>espa\u00e7o interno<\/strong>. Divis\u00f3rias e configura\u00e7\u00f5es espec\u00edficas podem facilitar a separa\u00e7\u00e3o de mercadorias e melhorar a organiza\u00e7\u00e3o durante carregamentos e entregas.<\/p>\n\n\n\n<p class=\"wp-block-paragraph\">Na Ba\u00fa e Carroceria, o projeto pode ser desenvolvido de acordo com essas particularidades, buscando <strong>uma configura\u00e7\u00e3o que una desempenho t\u00e9rmico, funcionalidade e compatibilidade com o caminh\u00e3o.<\/strong><\/p>\n\n\n\n<ul class=\"wp-block-list\">\n<li><a href=\"https:\/\/www.bauecarroceria.com.br\/blog\/empresa-de-isolamento-termico-para-bau-onde-contratar\/\">Empresa de isolamento t\u00e9rmico para ba\u00fa: onde contratar?<\/a>\u00a0<\/li>\n<\/ul>\n\n\n\n<h2 class=\"wp-block-heading\"><span class=\"ez-toc-section\" id=\"Escolha_seu_bau_refrigerado_novo_com_projeto_personalizado\"><\/span><strong>Escolha seu ba\u00fa refrigerado novo com projeto personalizado<\/strong><span class=\"ez-toc-section-end\"><\/span><\/h2>\n\n\n\n<p class=\"wp-block-paragraph\">Comprar um <strong>ba\u00fa refrigerado novo<\/strong> \u00e9 uma decis\u00e3o diretamente ligada \u00e0 efici\u00eancia da opera\u00e7\u00e3o. Um projeto adequado pode ajudar a conservar melhor a carga, aproveitar o espa\u00e7o dispon\u00edvel e facilitar o trabalho da equipe durante as rotinas de transporte.<\/p>\n\n\n\n<p class=\"wp-block-paragraph\">A possibilidade de personalizar dimens\u00f5es, divis\u00f3rias, isolamento e acabamentos permite criar uma estrutura mais alinhada \u00e0s necessidades do neg\u00f3cio.<\/p>\n\n\n\n<p class=\"wp-block-paragraph\">Com mais de uma d\u00e9cada de atua\u00e7\u00e3o no segmento, a Ba\u00fa e Carroceria atende empresas que precisam de solu\u00e7\u00f5es personalizadas para ve\u00edculos comerciais em diferentes regi\u00f5es do Brasil.<\/p>\n\n\n\n<p class=\"wp-block-paragraph\"><strong>Precisa de um ba\u00fa refrigerado novo sob medida?<\/strong> <a href=\"https:\/\/api.whatsapp.com\/send?phone=5511986965567\">Entre em contato com a Ba\u00fa e Carroceria<\/a>, apresente as necessidades da sua opera\u00e7\u00e3o e solicite uma solu\u00e7\u00e3o personalizada para seu caminh\u00e3o.<\/p>\n\n\n\n<p class=\"wp-block-paragraph\"><\/p>\n","protected":false},"excerpt":{"rendered":"<p><span class=\"span-reading-time rt-reading-time\" style=\"display: block;\"><span class=\"rt-label rt-prefix\">Tempo de leitura:<\/span> <span class=\"rt-time\"> 4<\/span> <span class=\"rt-label rt-postfix\">minutos<\/span><\/span>Encontre ba\u00fa refrigerado novo sob medida para sua carga, com isolamento t\u00e9rmico, estrutura personalizada e suporte especializado. Transportar alimentos, medicamentos, insumos agroindustriais e outras cargas perec\u00edveis exige controle de temperatura, estrutura adequada e seguran\u00e7a durante todo o trajeto. Por isso, escolher um ba\u00fa refrigerado novo deve considerar muito mais do que as dimens\u00f5es externas do implemento. Cada opera\u00e7\u00e3o possui particularidades. Tipo de carga, volume transportado, rotina de entregas, dist\u00e2ncia percorrida e modelo do caminh\u00e3o interferem diretamente na configura\u00e7\u00e3o mais indicada. Quando o projeto \u00e9 desenvolvido de forma personalizada, o ba\u00fa passa a acompanhar as necessidades reais da opera\u00e7\u00e3o. Isso ajuda a reduzir improvisos, aproveitar melhor o espa\u00e7o e manter condi\u00e7\u00f5es t\u00e9rmicas mais est\u00e1veis desde o primeiro uso. Ba\u00fa e Carroceria: experi\u00eancia em solu\u00e7\u00f5es para transporte A Ba\u00fa e Carroceria atua h\u00e1 mais de 13 anos no mercado de caminh\u00f5es ba\u00fa, atendendo clientes em todo o territ\u00f3rio brasileiro com solu\u00e7\u00f5es voltadas para implementos rodovi\u00e1rios. A empresa trabalha com ba\u00fas novos e usados, reformas especializadas, manuten\u00e7\u00e3o e projetos de isolamento t\u00e9rmico. O atendimento busca entender primeiro a necessidade da opera\u00e7\u00e3o para, ent\u00e3o, indicar a configura\u00e7\u00e3o mais adequada. No caso de ba\u00fa refrigerado novo, essa experi\u00eancia permite desenvolver projetos voltados para diferentes segmentos, cargas e modelos de ve\u00edculos comerciais. O foco est\u00e1 em oferecer uma solu\u00e7\u00e3o compat\u00edvel com o dia a dia do cliente, considerando desempenho t\u00e9rmico, estrutura, durabilidade e facilidade de opera\u00e7\u00e3o. Como funciona um ba\u00fa refrigerado novo O ba\u00fa refrigerado novo \u00e9 desenvolvido para opera\u00e7\u00f5es que precisam transportar produtos sens\u00edveis \u00e0s varia\u00e7\u00f5es de temperatura. A estrutura conta com isolamento t\u00e9rmico e sistemas de veda\u00e7\u00e3o capazes de ajudar a preservar as condi\u00e7\u00f5es internas durante o transporte. Materiais de alto desempenho t\u00e9rmico, portas devidamente vedadas e acabamentos resistentes \u00e0 umidade e aos impactos contribuem para uma opera\u00e7\u00e3o mais segura. Entre os principais pontos que podem ser considerados no projeto est\u00e3o: Benef\u00edcios de escolher um ba\u00fa refrigerado novo A compra de um equipamento novo traz a possibilidade de configurar toda a estrutura pensando nas exig\u00eancias atuais da opera\u00e7\u00e3o, sem depender das limita\u00e7\u00f5es de um implemento j\u00e1 utilizado anteriormente. Essa caracter\u00edstica pode ser especialmente relevante para empresas que trabalham com cargas sens\u00edveis, nas quais pequenas varia\u00e7\u00f5es de temperatura podem afetar a qualidade dos produtos transportados. Entre os benef\u00edcios que costumam ser mais valorizados est\u00e3o: Um projeto bem dimensionado favorece a distribui\u00e7\u00e3o t\u00e9rmica interna e pode reduzir o esfor\u00e7o exigido do sistema de refrigera\u00e7\u00e3o. Por que fazer um ba\u00fa refrigerado sob medida Nem toda opera\u00e7\u00e3o refrigerada transporta o mesmo tipo ou volume de carga. Por isso, utilizar uma configura\u00e7\u00e3o gen\u00e9rica pode significar espa\u00e7o desperdi\u00e7ado, dificuldade de organiza\u00e7\u00e3o ou uma distribui\u00e7\u00e3o t\u00e9rmica menos adequada. Um ba\u00fa refrigerado novo sob medida pode ser configurado considerando dimens\u00f5es internas, divis\u00f3rias, acessos, acabamento e outros detalhes ligados \u00e0 rotina log\u00edstica. Esse cuidado tamb\u00e9m facilita a adapta\u00e7\u00e3o da estrutura \u00e0s caracter\u00edsticas do caminh\u00e3o e \u00e0s condi\u00e7\u00f5es de carregamento e descarregamento encontradas no dia a dia. Quanto mais o projeto conversa com a opera\u00e7\u00e3o real, menor tende a ser a necessidade de adapta\u00e7\u00f5es posteriores. Essa \u00e9 uma das raz\u00f5es para avaliar a personaliza\u00e7\u00e3o antes de fechar a compra. Para quais cargas o ba\u00fa refrigerado novo \u00e9 indicado? O uso do ba\u00fa refrigerado novo \u00e9 indicado principalmente para mercadorias que precisam permanecer sob condi\u00e7\u00f5es t\u00e9rmicas controladas durante o transporte. A configura\u00e7\u00e3o exata depende da temperatura exigida pela carga, do tempo de deslocamento e da maneira como os produtos ser\u00e3o armazenados dentro do compartimento. Alguns exemplos de aplica\u00e7\u00f5es incluem: A avalia\u00e7\u00e3o t\u00e9cnica antes da fabrica\u00e7\u00e3o ajuda a definir isolamento, estrutura e demais caracter\u00edsticas do implemento de maneira coerente com a finalidade do transporte. O que considerar antes de solicitar seu projeto Antes de comprar um ba\u00fa refrigerado novo, vale reunir informa\u00e7\u00f5es sobre a opera\u00e7\u00e3o. Saber quais produtos ser\u00e3o transportados, qual o volume m\u00e9dio de carga e em qual ve\u00edculo o implemento ser\u00e1 instalado ajuda a tornar o or\u00e7amento mais preciso. Tamb\u00e9m \u00e9 interessante avaliar a rotina de entregas. Opera\u00e7\u00f5es com muitas aberturas de porta ao longo do dia podem ter necessidades diferentes daquelas que percorrem longas dist\u00e2ncias com poucas paradas. Outro ponto \u00e9 o espa\u00e7o interno. Divis\u00f3rias e configura\u00e7\u00f5es espec\u00edficas podem facilitar a separa\u00e7\u00e3o de mercadorias e melhorar a organiza\u00e7\u00e3o durante carregamentos e entregas. Na Ba\u00fa e Carroceria, o projeto pode ser desenvolvido de acordo com essas particularidades, buscando uma configura\u00e7\u00e3o que una desempenho t\u00e9rmico, funcionalidade e compatibilidade com o caminh\u00e3o. Escolha seu ba\u00fa refrigerado novo com projeto personalizado Comprar um ba\u00fa refrigerado novo \u00e9 uma decis\u00e3o diretamente ligada \u00e0 efici\u00eancia da opera\u00e7\u00e3o. Um projeto adequado pode ajudar a conservar melhor a carga, aproveitar o espa\u00e7o dispon\u00edvel e facilitar o trabalho da equipe durante as rotinas de transporte. A possibilidade de personalizar dimens\u00f5es, divis\u00f3rias, isolamento e acabamentos permite criar uma estrutura mais alinhada \u00e0s necessidades do neg\u00f3cio. Com mais de uma d\u00e9cada de atua\u00e7\u00e3o no segmento, a Ba\u00fa e Carroceria atende empresas que precisam de solu\u00e7\u00f5es personalizadas para ve\u00edculos comerciais em diferentes regi\u00f5es do Brasil. Precisa de um ba\u00fa refrigerado novo sob medida? Entre em contato com a Ba\u00fa e Carroceria, apresente as necessidades da sua opera\u00e7\u00e3o e solicite uma solu\u00e7\u00e3o personalizada para seu caminh\u00e3o.<\/p>\n","protected":false},"author":1,"featured_media":3785,"comment_status":"open","ping_status":"open","sticky":false,"template":"","format":"standard","meta":{"footnotes":""},"categories":[1],"tags":[3397,3410,3393,3425,3445,3441,3446,3444,3447,3443,3428,3427,3506,3434,3436,3437,3440,3431,3439,3435,3433,3442,3438,3450,3432,3424,3430,3426,3429,3391,3453,3473,3471,3474,3470,3475,3472,3456,3455,3476,3461,3465,3466,3468,3459,3467,3463,3462,3469,3464,3477,3460,3451,3457,3454,3458,3396,3306,3481,3501,3498,3502,3500,3503,3499,3484,3482,3504,3490,3492,3493,3496,3487,3494,3491,3488,3497,3495,3505,3489,3507,3485,3483,3486,3401,3398,3394,3409,3392,3408,3417,3395,3406,3420,3413,3415,3414,3419,3390,3421,3449,3478,2693,3422,3448,3479,3423,3452,3480,3399,3162,3403,3407,3402,3389,3400,3418,3405,3416,3412,3411,3404],"class_list":["post-3784","post","type-post","status-publish","format-standard","has-post-thumbnail","hentry","category-sem-categoria","tag-bau-para-cargas-pereciveis","tag-bau-refrigerado-com-isolamento-termico","tag-bau-refrigerado-novo","tag-bau-refrigerado-novo-comprar","tag-bau-refrigerado-novo-em-diadema","tag-bau-refrigerado-novo-em-guarulhos","tag-bau-refrigerado-novo-em-osasco","tag-bau-refrigerado-novo-em-santo-andre","tag-bau-refrigerado-novo-em-sao-bernardo","tag-bau-refrigerado-novo-em-sao-caetano","tag-bau-refrigerado-novo-em-sao-paulo","tag-bau-refrigerado-novo-em-sp","tag-bau-refrigerado-novo-na-baixada-santista","tag-bau-refrigerado-novo-na-chacara-bela-vista","tag-bau-refrigerado-novo-na-vila-do-sapo","tag-bau-refrigerado-novo-na-vila-maria","tag-bau-refrigerado-novo-na-vila-sao-joao","tag-bau-refrigerado-novo-na-zona-leste","tag-bau-refrigerado-novo-na-zona-norte","tag-bau-refrigerado-novo-na-zona-oeste","tag-bau-refrigerado-novo-na-zona-sul","tag-bau-refrigerado-novo-no-abc","tag-bau-refrigerado-novo-no-centro","tag-bau-refrigerado-novo-no-litoral","tag-bau-refrigerado-novo-no-parque-novo-mundo","tag-bau-refrigerado-novo-onde-encontrar","tag-bau-refrigerado-novo-perto-de-mim","tag-bau-refrigerado-novo-preco","tag-bau-refrigerado-novo-proximo-a-mim","tag-bau-refrigerado-novo-sob-medida","tag-bau-refrigerado-novo-sob-medida-comprar","tag-bau-refrigerado-novo-sob-medida-em-diadema","tag-bau-refrigerado-novo-sob-medida-em-guarulhos","tag-bau-refrigerado-novo-sob-medida-em-osasco","tag-bau-refrigerado-novo-sob-medida-em-santo-andre","tag-bau-refrigerado-novo-sob-medida-em-sao-bernardo","tag-bau-refrigerado-novo-sob-medida-em-sao-caetano","tag-bau-refrigerado-novo-sob-medida-em-sao-paulo","tag-bau-refrigerado-novo-sob-medida-em-sp","tag-bau-refrigerado-novo-sob-medida-na-baixada-santista","tag-bau-refrigerado-novo-sob-medida-na-chacara-bela-vista","tag-bau-refrigerado-novo-sob-medida-na-vila-do-sapo","tag-bau-refrigerado-novo-sob-medida-na-vila-maria","tag-bau-refrigerado-novo-sob-medida-na-vila-sao-joao","tag-bau-refrigerado-novo-sob-medida-na-zona-leste","tag-bau-refrigerado-novo-sob-medida-na-zona-norte","tag-bau-refrigerado-novo-sob-medida-na-zona-oeste","tag-bau-refrigerado-novo-sob-medida-na-zona-sul","tag-bau-refrigerado-novo-sob-medida-no-abc","tag-bau-refrigerado-novo-sob-medida-no-centro","tag-bau-refrigerado-novo-sob-medida-no-litoral","tag-bau-refrigerado-novo-sob-medida-no-parque-novo-mundo","tag-bau-refrigerado-novo-sob-medida-onde-encontrar","tag-bau-refrigerado-novo-sob-medida-perto-de-mim","tag-bau-refrigerado-novo-sob-medida-preco","tag-bau-refrigerado-novo-sob-medida-proximo-a-mim","tag-bau-refrigerado-para-alimentos","tag-bau-refrigerado-para-caminhao","tag-bau-refrigerado-para-caminhao-comprar","tag-bau-refrigerado-para-caminhao-em-diadema","tag-bau-refrigerado-para-caminhao-em-guarulhos","tag-bau-refrigerado-para-caminhao-em-osasco","tag-bau-refrigerado-para-caminhao-em-santo-andre","tag-bau-refrigerado-para-caminhao-em-sao-bernardo","tag-bau-refrigerado-para-caminhao-em-sao-caetano","tag-bau-refrigerado-para-caminhao-em-sao-paulo","tag-bau-refrigerado-para-caminhao-em-sp","tag-bau-refrigerado-para-caminhao-na-baixada-santista","tag-bau-refrigerado-para-caminhao-na-chacara-bela-vista","tag-bau-refrigerado-para-caminhao-na-vila-do-sapo","tag-bau-refrigerado-para-caminhao-na-vila-maria","tag-bau-refrigerado-para-caminhao-na-vila-sao-joao","tag-bau-refrigerado-para-caminhao-na-zona-leste","tag-bau-refrigerado-para-caminhao-na-zona-norte","tag-bau-refrigerado-para-caminhao-na-zona-oeste","tag-bau-refrigerado-para-caminhao-na-zona-sul","tag-bau-refrigerado-para-caminhao-no-abc","tag-bau-refrigerado-para-caminhao-no-centro","tag-bau-refrigerado-para-caminhao-no-litoral","tag-bau-refrigerado-para-caminhao-no-parque-novo-mundo","tag-bau-refrigerado-para-caminhao-onde-encontrar","tag-bau-refrigerado-para-caminhao-perto-de-mim","tag-bau-refrigerado-para-caminhao-preco","tag-bau-refrigerado-para-caminhao-proximo-a-mim","tag-bau-refrigerado-para-carga-perecivel","tag-bau-refrigerado-para-logistica","tag-bau-refrigerado-para-medicamentos","tag-bau-refrigerado-para-transporte","tag-bau-refrigerado-personalizado","tag-bau-refrigerado-personalizado-para-caminhao","tag-bau-refrigerado-pode-ser-personalizado","tag-bau-termico-para-caminhao","tag-como-dimensionar-um-bau-refrigerado","tag-como-escolher-bau-refrigerado-para-carga-perecivel","tag-como-escolher-um-bau-refrigerado-novo","tag-como-fazer-um-bau-refrigerado-sob-medida","tag-como-funciona-um-bau-refrigerado-novo","tag-como-pedir-orcamento-de-bau-refrigerado-novo","tag-comprar-bau-refrigerado-novo","tag-fabrica-de-bau-refrigerado-novo","tag-fabrica-de-bau-refrigerado-novo-sob-medida","tag-fabrica-de-bau-refrigerado-para-caminhao","tag-fabricante-de-bau-refrigerado","tag-fabricante-de-bau-refrigerado-novo","tag-fabricante-de-bau-refrigerado-novo-sob-medida","tag-fabricante-de-bau-refrigerado-para-caminhao","tag-fornecedor-de-bau-refrigerado-novo","tag-fornecedor-de-bau-refrigerado-novo-sob-medida","tag-fornecedor-de-bau-refrigerado-para-caminhao","tag-implemento-refrigerado-para-caminhao","tag-isolamento-termico-para-bau","tag-onde-comprar-bau-refrigerado-novo","tag-onde-fazer-projeto-de-bau-refrigerado","tag-orcamento-de-bau-refrigerado-novo","tag-projeto-de-bau-refrigerado","tag-projeto-personalizado-de-bau-refrigerado","tag-qual-bau-usar-para-transportar-alimentos","tag-qual-bau-usar-para-transportar-medicamentos","tag-qual-isolamento-usar-em-bau-refrigerado","tag-qual-o-melhor-bau-refrigerado-para-caminhao","tag-quanto-custa-um-bau-refrigerado-novo","tag-vale-a-pena-comprar-bau-refrigerado-novo"],"yoast_head":"<!-- This site is optimized with the Yoast SEO plugin v26.6 - https:\/\/yoast.com\/wordpress\/plugins\/seo\/ -->\n<title>Escolha seu ba\u00fa refrigerado novo com projeto exclusivo<\/title>\n<meta name=\"description\" content=\"Encontre ba\u00fa refrigerado novo sob medida para sua carga, com isolamento t\u00e9rmico, estrutura personalizada e suporte especializado.\" \/>\n<meta name=\"robots\" content=\"index, follow, max-snippet:-1, max-image-preview:large, max-video-preview:-1\" \/>\n<link rel=\"canonical\" href=\"https:\/\/www.bauecarroceria.com.br\/blog\/escolha-seu-bau-refrigerado-novo-com-projeto-exclusivo\/\" \/>\n<meta property=\"og:locale\" content=\"pt_BR\" \/>\n<meta property=\"og:type\" content=\"article\" \/>\n<meta property=\"og:title\" content=\"Escolha seu ba\u00fa refrigerado novo com projeto exclusivo\" \/>\n<meta property=\"og:description\" content=\"Encontre ba\u00fa refrigerado novo sob medida para sua carga, com isolamento t\u00e9rmico, estrutura personalizada e suporte especializado.\" \/>\n<meta property=\"og:url\" content=\"https:\/\/www.bauecarroceria.com.br\/blog\/escolha-seu-bau-refrigerado-novo-com-projeto-exclusivo\/\" \/>\n<meta property=\"og:site_name\" content=\"Blog\" \/>\n<meta property=\"article:published_time\" content=\"2026-08-26T13:38:40+00:00\" \/>\n<meta property=\"article:modified_time\" content=\"2026-08-26T13:38:53+00:00\" \/>\n<meta property=\"og:image\" content=\"https:\/\/www.bauecarroceria.com.br\/blog\/wp-content\/uploads\/2026\/08\/image-2026-08-26T102757.745.jpg\" \/>\n\t<meta property=\"og:image:width\" content=\"1672\" \/>\n\t<meta property=\"og:image:height\" content=\"941\" \/>\n\t<meta property=\"og:image:type\" content=\"image\/jpeg\" \/>\n<meta name=\"author\" content=\"admin\" \/>\n<meta name=\"twitter:card\" content=\"summary_large_image\" \/>\n<meta name=\"twitter:label1\" content=\"Escrito por\" \/>\n\t<meta name=\"twitter:data1\" content=\"admin\" \/>\n\t<meta name=\"twitter:label2\" content=\"Est. tempo de leitura\" \/>\n\t<meta name=\"twitter:data2\" content=\"6 minutos\" \/>\n<script type=\"application\/ld+json\" class=\"yoast-schema-graph\">{\"@context\":\"https:\/\/schema.org\",\"@graph\":[{\"@type\":\"Article\",\"@id\":\"https:\/\/www.bauecarroceria.com.br\/blog\/escolha-seu-bau-refrigerado-novo-com-projeto-exclusivo\/#article\",\"isPartOf\":{\"@id\":\"https:\/\/www.bauecarroceria.com.br\/blog\/escolha-seu-bau-refrigerado-novo-com-projeto-exclusivo\/\"},\"author\":{\"name\":\"admin\",\"@id\":\"https:\/\/www.bauecarroceria.com.br\/blog\/#\/schema\/person\/7af3115cbfb46ef9abc26c1c3829641c\"},\"headline\":\"Escolha seu ba\u00fa refrigerado novo com projeto exclusivo\",\"datePublished\":\"2026-08-26T13:38:40+00:00\",\"dateModified\":\"2026-08-26T13:38:53+00:00\",\"mainEntityOfPage\":{\"@id\":\"https:\/\/www.bauecarroceria.com.br\/blog\/escolha-seu-bau-refrigerado-novo-com-projeto-exclusivo\/\"},\"wordCount\":1117,\"commentCount\":0,\"publisher\":{\"@id\":\"https:\/\/www.bauecarroceria.com.br\/blog\/#organization\"},\"image\":{\"@id\":\"https:\/\/www.bauecarroceria.com.br\/blog\/escolha-seu-bau-refrigerado-novo-com-projeto-exclusivo\/#primaryimage\"},\"thumbnailUrl\":\"https:\/\/www.bauecarroceria.com.br\/blog\/wp-content\/uploads\/2026\/08\/image-2026-08-26T102757.745.jpg\",\"keywords\":[\"ba\u00fa para cargas perec\u00edveis\",\"ba\u00fa refrigerado com isolamento t\u00e9rmico\",\"ba\u00fa refrigerado novo\",\"ba\u00fa refrigerado novo comprar\",\"ba\u00fa refrigerado novo em Diadema\",\"ba\u00fa refrigerado novo em Guarulhos\",\"ba\u00fa refrigerado novo em Osasco\",\"ba\u00fa refrigerado novo em Santo Andr\u00e9\",\"ba\u00fa refrigerado novo em S\u00e3o Bernardo\",\"ba\u00fa refrigerado novo em S\u00e3o Caetano\",\"ba\u00fa refrigerado novo em s\u00e3o paulo\",\"ba\u00fa refrigerado novo em sp\",\"ba\u00fa refrigerado novo na baixada santista\",\"ba\u00fa refrigerado novo na ch\u00e1cara bela vista\",\"ba\u00fa refrigerado novo na vila do sapo\",\"ba\u00fa refrigerado novo na vila maria\",\"ba\u00fa refrigerado novo na vila s\u00e3o jo\u00e3o\",\"ba\u00fa refrigerado novo na zona leste\",\"ba\u00fa refrigerado novo na zona norte\",\"ba\u00fa refrigerado novo na zona oeste\",\"ba\u00fa refrigerado novo na zona sul\",\"ba\u00fa refrigerado novo no ABC\",\"ba\u00fa refrigerado novo no centro\",\"ba\u00fa refrigerado novo no litoral\",\"ba\u00fa refrigerado novo no parque novo mundo\",\"ba\u00fa refrigerado novo onde encontrar\",\"ba\u00fa refrigerado novo perto de mim\",\"ba\u00fa refrigerado novo pre\u00e7o\",\"ba\u00fa refrigerado novo pr\u00f3ximo a mim\",\"ba\u00fa refrigerado novo sob medida\",\"ba\u00fa refrigerado novo sob medida comprar\",\"ba\u00fa refrigerado novo sob medida em Diadema\",\"ba\u00fa refrigerado novo sob medida em Guarulhos\",\"ba\u00fa refrigerado novo sob medida em Osasco\",\"ba\u00fa refrigerado novo sob medida em Santo Andr\u00e9\",\"ba\u00fa refrigerado novo sob medida em S\u00e3o Bernardo\",\"ba\u00fa refrigerado novo sob medida em S\u00e3o Caetano\",\"ba\u00fa refrigerado novo sob medida em s\u00e3o paulo\",\"ba\u00fa refrigerado novo sob medida em sp\",\"ba\u00fa refrigerado novo sob medida na baixada santista\",\"ba\u00fa refrigerado novo sob medida na ch\u00e1cara bela vista\",\"ba\u00fa refrigerado novo sob medida na vila do sapo\",\"ba\u00fa refrigerado novo sob medida na vila maria\",\"ba\u00fa refrigerado novo sob medida na vila s\u00e3o jo\u00e3o\",\"ba\u00fa refrigerado novo sob medida na zona leste\",\"ba\u00fa refrigerado novo sob medida na zona norte\",\"ba\u00fa refrigerado novo sob medida na zona oeste\",\"ba\u00fa refrigerado novo sob medida na zona sul\",\"ba\u00fa refrigerado novo sob medida no ABC\",\"ba\u00fa refrigerado novo sob medida no centro\",\"ba\u00fa refrigerado novo sob medida no litoral\",\"ba\u00fa refrigerado novo sob medida no parque novo mundo\",\"ba\u00fa refrigerado novo sob medida onde encontrar\",\"ba\u00fa refrigerado novo sob medida perto de mim\",\"ba\u00fa refrigerado novo sob medida pre\u00e7o\",\"ba\u00fa refrigerado novo sob medida pr\u00f3ximo a mim\",\"ba\u00fa refrigerado para alimentos\",\"ba\u00fa refrigerado para caminh\u00e3o\",\"ba\u00fa refrigerado para caminh\u00e3o comprar\",\"ba\u00fa refrigerado para caminh\u00e3o em Diadema\",\"ba\u00fa refrigerado para caminh\u00e3o em Guarulhos\",\"ba\u00fa refrigerado para caminh\u00e3o em Osasco\",\"ba\u00fa refrigerado para caminh\u00e3o em Santo Andr\u00e9\",\"ba\u00fa refrigerado para caminh\u00e3o em S\u00e3o Bernardo\",\"ba\u00fa refrigerado para caminh\u00e3o em S\u00e3o Caetano\",\"ba\u00fa refrigerado para caminh\u00e3o em s\u00e3o paulo\",\"ba\u00fa refrigerado para caminh\u00e3o em sp\",\"ba\u00fa refrigerado para caminh\u00e3o na baixada santista\",\"ba\u00fa refrigerado para caminh\u00e3o na ch\u00e1cara bela vista\",\"ba\u00fa refrigerado para caminh\u00e3o na vila do sapo\",\"ba\u00fa refrigerado para caminh\u00e3o na vila maria\",\"ba\u00fa refrigerado para caminh\u00e3o na vila s\u00e3o jo\u00e3o\",\"ba\u00fa refrigerado para caminh\u00e3o na zona leste\",\"ba\u00fa refrigerado para caminh\u00e3o na zona norte\",\"ba\u00fa refrigerado para caminh\u00e3o na zona oeste\",\"ba\u00fa refrigerado para caminh\u00e3o na zona sul\",\"ba\u00fa refrigerado para caminh\u00e3o no ABC\",\"ba\u00fa refrigerado para caminh\u00e3o no centro\",\"ba\u00fa refrigerado para caminh\u00e3o no litoral\",\"ba\u00fa refrigerado para caminh\u00e3o no parque novo mundo\",\"ba\u00fa refrigerado para caminh\u00e3o onde encontrar\",\"ba\u00fa refrigerado para caminh\u00e3o perto de mim\",\"ba\u00fa refrigerado para caminh\u00e3o pre\u00e7o\",\"ba\u00fa refrigerado para caminh\u00e3o pr\u00f3ximo a mim\",\"ba\u00fa refrigerado para carga perec\u00edvel\",\"ba\u00fa refrigerado para log\u00edstica\",\"ba\u00fa refrigerado para medicamentos\",\"ba\u00fa refrigerado para transporte\",\"ba\u00fa refrigerado personalizado\",\"ba\u00fa refrigerado personalizado para caminh\u00e3o\",\"ba\u00fa refrigerado pode ser personalizado?\",\"ba\u00fa t\u00e9rmico para caminh\u00e3o\",\"como dimensionar um ba\u00fa refrigerado?\",\"como escolher ba\u00fa refrigerado para carga perec\u00edvel?\",\"como escolher um ba\u00fa refrigerado novo?\",\"como fazer um ba\u00fa refrigerado sob medida?\",\"como funciona um ba\u00fa refrigerado novo?\",\"como pedir or\u00e7amento de ba\u00fa refrigerado novo?\",\"comprar ba\u00fa refrigerado novo\",\"f\u00e1brica de ba\u00fa refrigerado novo\",\"f\u00e1brica de ba\u00fa refrigerado novo sob medida\",\"f\u00e1brica de ba\u00fa refrigerado para caminh\u00e3o\",\"fabricante de Ba\u00fa refrigerado\",\"fabricante de ba\u00fa refrigerado novo\",\"fabricante de ba\u00fa refrigerado novo sob medida\",\"fabricante de ba\u00fa refrigerado para caminh\u00e3o\",\"fornecedor de ba\u00fa refrigerado novo\",\"fornecedor de ba\u00fa refrigerado novo sob medida\",\"fornecedor de ba\u00fa refrigerado para caminh\u00e3o\",\"implemento refrigerado para caminh\u00e3o\",\"isolamento t\u00e9rmico para ba\u00fa\",\"onde comprar ba\u00fa refrigerado novo?\",\"onde fazer projeto de ba\u00fa refrigerado?\",\"or\u00e7amento de ba\u00fa refrigerado novo\",\"projeto de ba\u00fa refrigerado\",\"projeto personalizado de ba\u00fa refrigerado\",\"qual ba\u00fa usar para transportar alimentos?\",\"qual ba\u00fa usar para transportar medicamentos?\",\"qual isolamento usar em ba\u00fa refrigerado?\",\"qual o melhor ba\u00fa refrigerado para caminh\u00e3o?\",\"quanto custa um ba\u00fa refrigerado novo?\",\"vale a pena comprar ba\u00fa refrigerado novo?\"],\"inLanguage\":\"pt-BR\",\"potentialAction\":[{\"@type\":\"CommentAction\",\"name\":\"Comment\",\"target\":[\"https:\/\/www.bauecarroceria.com.br\/blog\/escolha-seu-bau-refrigerado-novo-com-projeto-exclusivo\/#respond\"]}]},{\"@type\":\"WebPage\",\"@id\":\"https:\/\/www.bauecarroceria.com.br\/blog\/escolha-seu-bau-refrigerado-novo-com-projeto-exclusivo\/\",\"url\":\"https:\/\/www.bauecarroceria.com.br\/blog\/escolha-seu-bau-refrigerado-novo-com-projeto-exclusivo\/\",\"name\":\"Escolha seu ba\u00fa refrigerado novo com projeto exclusivo\",\"isPartOf\":{\"@id\":\"https:\/\/www.bauecarroceria.com.br\/blog\/#website\"},\"primaryImageOfPage\":{\"@id\":\"https:\/\/www.bauecarroceria.com.br\/blog\/escolha-seu-bau-refrigerado-novo-com-projeto-exclusivo\/#primaryimage\"},\"image\":{\"@id\":\"https:\/\/www.bauecarroceria.com.br\/blog\/escolha-seu-bau-refrigerado-novo-com-projeto-exclusivo\/#primaryimage\"},\"thumbnailUrl\":\"https:\/\/www.bauecarroceria.com.br\/blog\/wp-content\/uploads\/2026\/08\/image-2026-08-26T102757.745.jpg\",\"datePublished\":\"2026-08-26T13:38:40+00:00\",\"dateModified\":\"2026-08-26T13:38:53+00:00\",\"description\":\"Encontre ba\u00fa refrigerado novo sob medida para sua carga, com isolamento t\u00e9rmico, estrutura personalizada e suporte especializado.\",\"breadcrumb\":{\"@id\":\"https:\/\/www.bauecarroceria.com.br\/blog\/escolha-seu-bau-refrigerado-novo-com-projeto-exclusivo\/#breadcrumb\"},\"inLanguage\":\"pt-BR\",\"potentialAction\":[{\"@type\":\"ReadAction\",\"target\":[\"https:\/\/www.bauecarroceria.com.br\/blog\/escolha-seu-bau-refrigerado-novo-com-projeto-exclusivo\/\"]}]},{\"@type\":\"ImageObject\",\"inLanguage\":\"pt-BR\",\"@id\":\"https:\/\/www.bauecarroceria.com.br\/blog\/escolha-seu-bau-refrigerado-novo-com-projeto-exclusivo\/#primaryimage\",\"url\":\"https:\/\/www.bauecarroceria.com.br\/blog\/wp-content\/uploads\/2026\/08\/image-2026-08-26T102757.745.jpg\",\"contentUrl\":\"https:\/\/www.bauecarroceria.com.br\/blog\/wp-content\/uploads\/2026\/08\/image-2026-08-26T102757.745.jpg\",\"width\":1672,\"height\":941,\"caption\":\"Escolha seu ba\u00fa refrigerado novo com projeto exclusivo\"},{\"@type\":\"BreadcrumbList\",\"@id\":\"https:\/\/www.bauecarroceria.com.br\/blog\/escolha-seu-bau-refrigerado-novo-com-projeto-exclusivo\/#breadcrumb\",\"itemListElement\":[{\"@type\":\"ListItem\",\"position\":1,\"name\":\"In\u00edcio\",\"item\":\"https:\/\/www.bauecarroceria.com.br\/blog\/\"},{\"@type\":\"ListItem\",\"position\":2,\"name\":\"Escolha seu ba\u00fa refrigerado novo com projeto exclusivo\"}]},{\"@type\":\"WebSite\",\"@id\":\"https:\/\/www.bauecarroceria.com.br\/blog\/#website\",\"url\":\"https:\/\/www.bauecarroceria.com.br\/blog\/\",\"name\":\"Blog\",\"description\":\"\",\"publisher\":{\"@id\":\"https:\/\/www.bauecarroceria.com.br\/blog\/#organization\"},\"potentialAction\":[{\"@type\":\"SearchAction\",\"target\":{\"@type\":\"EntryPoint\",\"urlTemplate\":\"https:\/\/www.bauecarroceria.com.br\/blog\/?s={search_term_string}\"},\"query-input\":{\"@type\":\"PropertyValueSpecification\",\"valueRequired\":true,\"valueName\":\"search_term_string\"}}],\"inLanguage\":\"pt-BR\"},{\"@type\":\"Organization\",\"@id\":\"https:\/\/www.bauecarroceria.com.br\/blog\/#organization\",\"name\":\"Blog\",\"url\":\"https:\/\/www.bauecarroceria.com.br\/blog\/\",\"logo\":{\"@type\":\"ImageObject\",\"inLanguage\":\"pt-BR\",\"@id\":\"https:\/\/www.bauecarroceria.com.br\/blog\/#\/schema\/logo\/image\/\",\"url\":\"https:\/\/www.bauecarroceria.com.br\/blog\/wp-content\/uploads\/2025\/12\/logo.webp\",\"contentUrl\":\"https:\/\/www.bauecarroceria.com.br\/blog\/wp-content\/uploads\/2025\/12\/logo.webp\",\"width\":1422,\"height\":1392,\"caption\":\"Blog\"},\"image\":{\"@id\":\"https:\/\/www.bauecarroceria.com.br\/blog\/#\/schema\/logo\/image\/\"}},{\"@type\":\"Person\",\"@id\":\"https:\/\/www.bauecarroceria.com.br\/blog\/#\/schema\/person\/7af3115cbfb46ef9abc26c1c3829641c\",\"name\":\"admin\",\"image\":{\"@type\":\"ImageObject\",\"inLanguage\":\"pt-BR\",\"@id\":\"https:\/\/www.bauecarroceria.com.br\/blog\/#\/schema\/person\/image\/\",\"url\":\"https:\/\/secure.gravatar.com\/avatar\/d2abb7e535a7590a6f9b76c75c90ec5441db3a04a205e6d66ecabfb80081f172?s=96&d=mm&r=g\",\"contentUrl\":\"https:\/\/secure.gravatar.com\/avatar\/d2abb7e535a7590a6f9b76c75c90ec5441db3a04a205e6d66ecabfb80081f172?s=96&d=mm&r=g\",\"caption\":\"admin\"},\"sameAs\":[\"https:\/\/www.bauecarroceria.com.br\/blog\"],\"url\":\"https:\/\/www.bauecarroceria.com.br\/blog\/author\/admin\/\"}]}<\/script>\n<!-- \/ Yoast SEO plugin. -->","yoast_head_json":{"title":"Escolha seu ba\u00fa refrigerado novo com projeto exclusivo","description":"Encontre ba\u00fa refrigerado novo sob medida para sua carga, com isolamento t\u00e9rmico, estrutura personalizada e suporte especializado.","robots":{"index":"index","follow":"follow","max-snippet":"max-snippet:-1","max-image-preview":"max-image-preview:large","max-video-preview":"max-video-preview:-1"},"canonical":"https:\/\/www.bauecarroceria.com.br\/blog\/escolha-seu-bau-refrigerado-novo-com-projeto-exclusivo\/","og_locale":"pt_BR","og_type":"article","og_title":"Escolha seu ba\u00fa refrigerado novo com projeto exclusivo","og_description":"Encontre ba\u00fa refrigerado novo sob medida para sua carga, com isolamento t\u00e9rmico, estrutura personalizada e suporte especializado.","og_url":"https:\/\/www.bauecarroceria.com.br\/blog\/escolha-seu-bau-refrigerado-novo-com-projeto-exclusivo\/","og_site_name":"Blog","article_published_time":"2026-08-26T13:38:40+00:00","article_modified_time":"2026-08-26T13:38:53+00:00","og_image":[{"width":1672,"height":941,"url":"https:\/\/www.bauecarroceria.com.br\/blog\/wp-content\/uploads\/2026\/08\/image-2026-08-26T102757.745.jpg","type":"image\/jpeg"}],"author":"admin","twitter_card":"summary_large_image","twitter_misc":{"Escrito por":"admin","Est. tempo de leitura":"6 minutos"},"schema":{"@context":"https:\/\/schema.org","@graph":[{"@type":"Article","@id":"https:\/\/www.bauecarroceria.com.br\/blog\/escolha-seu-bau-refrigerado-novo-com-projeto-exclusivo\/#article","isPartOf":{"@id":"https:\/\/www.bauecarroceria.com.br\/blog\/escolha-seu-bau-refrigerado-novo-com-projeto-exclusivo\/"},"author":{"name":"admin","@id":"https:\/\/www.bauecarroceria.com.br\/blog\/#\/schema\/person\/7af3115cbfb46ef9abc26c1c3829641c"},"headline":"Escolha seu ba\u00fa refrigerado novo com projeto exclusivo","datePublished":"2026-08-26T13:38:40+00:00","dateModified":"2026-08-26T13:38:53+00:00","mainEntityOfPage":{"@id":"https:\/\/www.bauecarroceria.com.br\/blog\/escolha-seu-bau-refrigerado-novo-com-projeto-exclusivo\/"},"wordCount":1117,"commentCount":0,"publisher":{"@id":"https:\/\/www.bauecarroceria.com.br\/blog\/#organization"},"image":{"@id":"https:\/\/www.bauecarroceria.com.br\/blog\/escolha-seu-bau-refrigerado-novo-com-projeto-exclusivo\/#primaryimage"},"thumbnailUrl":"https:\/\/www.bauecarroceria.com.br\/blog\/wp-content\/uploads\/2026\/08\/image-2026-08-26T102757.745.jpg","keywords":["ba\u00fa para cargas perec\u00edveis","ba\u00fa refrigerado com isolamento t\u00e9rmico","ba\u00fa refrigerado novo","ba\u00fa refrigerado novo comprar","ba\u00fa refrigerado novo em Diadema","ba\u00fa refrigerado novo em Guarulhos","ba\u00fa refrigerado novo em Osasco","ba\u00fa refrigerado novo em Santo Andr\u00e9","ba\u00fa refrigerado novo em S\u00e3o Bernardo","ba\u00fa refrigerado novo em S\u00e3o Caetano","ba\u00fa refrigerado novo em s\u00e3o paulo","ba\u00fa refrigerado novo em sp","ba\u00fa refrigerado novo na baixada santista","ba\u00fa refrigerado novo na ch\u00e1cara bela vista","ba\u00fa refrigerado novo na vila do sapo","ba\u00fa refrigerado novo na vila maria","ba\u00fa refrigerado novo na vila s\u00e3o jo\u00e3o","ba\u00fa refrigerado novo na zona leste","ba\u00fa refrigerado novo na zona norte","ba\u00fa refrigerado novo na zona oeste","ba\u00fa refrigerado novo na zona sul","ba\u00fa refrigerado novo no ABC","ba\u00fa refrigerado novo no centro","ba\u00fa refrigerado novo no litoral","ba\u00fa refrigerado novo no parque novo mundo","ba\u00fa refrigerado novo onde encontrar","ba\u00fa refrigerado novo perto de mim","ba\u00fa refrigerado novo pre\u00e7o","ba\u00fa refrigerado novo pr\u00f3ximo a mim","ba\u00fa refrigerado novo sob medida","ba\u00fa refrigerado novo sob medida comprar","ba\u00fa refrigerado novo sob medida em Diadema","ba\u00fa refrigerado novo sob medida em Guarulhos","ba\u00fa refrigerado novo sob medida em Osasco","ba\u00fa refrigerado novo sob medida em Santo Andr\u00e9","ba\u00fa refrigerado novo sob medida em S\u00e3o Bernardo","ba\u00fa refrigerado novo sob medida em S\u00e3o Caetano","ba\u00fa refrigerado novo sob medida em s\u00e3o paulo","ba\u00fa refrigerado novo sob medida em sp","ba\u00fa refrigerado novo sob medida na baixada santista","ba\u00fa refrigerado novo sob medida na ch\u00e1cara bela vista","ba\u00fa refrigerado novo sob medida na vila do sapo","ba\u00fa refrigerado novo sob medida na vila maria","ba\u00fa refrigerado novo sob medida na vila s\u00e3o jo\u00e3o","ba\u00fa refrigerado novo sob medida na zona leste","ba\u00fa refrigerado novo sob medida na zona norte","ba\u00fa refrigerado novo sob medida na zona oeste","ba\u00fa refrigerado novo sob medida na zona sul","ba\u00fa refrigerado novo sob medida no ABC","ba\u00fa refrigerado novo sob medida no centro","ba\u00fa refrigerado novo sob medida no litoral","ba\u00fa refrigerado novo sob medida no parque novo mundo","ba\u00fa refrigerado novo sob medida onde encontrar","ba\u00fa refrigerado novo sob medida perto de mim","ba\u00fa refrigerado novo sob medida pre\u00e7o","ba\u00fa refrigerado novo sob medida pr\u00f3ximo a mim","ba\u00fa refrigerado para alimentos","ba\u00fa refrigerado para caminh\u00e3o","ba\u00fa refrigerado para caminh\u00e3o comprar","ba\u00fa refrigerado para caminh\u00e3o em Diadema","ba\u00fa refrigerado para caminh\u00e3o em Guarulhos","ba\u00fa refrigerado para caminh\u00e3o em Osasco","ba\u00fa refrigerado para caminh\u00e3o em Santo Andr\u00e9","ba\u00fa refrigerado para caminh\u00e3o em S\u00e3o Bernardo","ba\u00fa refrigerado para caminh\u00e3o em S\u00e3o Caetano","ba\u00fa refrigerado para caminh\u00e3o em s\u00e3o paulo","ba\u00fa refrigerado para caminh\u00e3o em sp","ba\u00fa refrigerado para caminh\u00e3o na baixada santista","ba\u00fa refrigerado para caminh\u00e3o na ch\u00e1cara bela vista","ba\u00fa refrigerado para caminh\u00e3o na vila do sapo","ba\u00fa refrigerado para caminh\u00e3o na vila maria","ba\u00fa refrigerado para caminh\u00e3o na vila s\u00e3o jo\u00e3o","ba\u00fa refrigerado para caminh\u00e3o na zona leste","ba\u00fa refrigerado para caminh\u00e3o na zona norte","ba\u00fa refrigerado para caminh\u00e3o na zona oeste","ba\u00fa refrigerado para caminh\u00e3o na zona sul","ba\u00fa refrigerado para caminh\u00e3o no ABC","ba\u00fa refrigerado para caminh\u00e3o no centro","ba\u00fa refrigerado para caminh\u00e3o no litoral","ba\u00fa refrigerado para caminh\u00e3o no parque novo mundo","ba\u00fa refrigerado para caminh\u00e3o onde encontrar","ba\u00fa refrigerado para caminh\u00e3o perto de mim","ba\u00fa refrigerado para caminh\u00e3o pre\u00e7o","ba\u00fa refrigerado para caminh\u00e3o pr\u00f3ximo a mim","ba\u00fa refrigerado para carga perec\u00edvel","ba\u00fa refrigerado para log\u00edstica","ba\u00fa refrigerado para medicamentos","ba\u00fa refrigerado para transporte","ba\u00fa refrigerado personalizado","ba\u00fa refrigerado personalizado para caminh\u00e3o","ba\u00fa refrigerado pode ser personalizado?","ba\u00fa t\u00e9rmico para caminh\u00e3o","como dimensionar um ba\u00fa refrigerado?","como escolher ba\u00fa refrigerado para carga perec\u00edvel?","como escolher um ba\u00fa refrigerado novo?","como fazer um ba\u00fa refrigerado sob medida?","como funciona um ba\u00fa refrigerado novo?","como pedir or\u00e7amento de ba\u00fa refrigerado novo?","comprar ba\u00fa refrigerado novo","f\u00e1brica de ba\u00fa refrigerado novo","f\u00e1brica de ba\u00fa refrigerado novo sob medida","f\u00e1brica de ba\u00fa refrigerado para caminh\u00e3o","fabricante de Ba\u00fa refrigerado","fabricante de ba\u00fa refrigerado novo","fabricante de ba\u00fa refrigerado novo sob medida","fabricante de ba\u00fa refrigerado para caminh\u00e3o","fornecedor de ba\u00fa refrigerado novo","fornecedor de ba\u00fa refrigerado novo sob medida","fornecedor de ba\u00fa refrigerado para caminh\u00e3o","implemento refrigerado para caminh\u00e3o","isolamento t\u00e9rmico para ba\u00fa","onde comprar ba\u00fa refrigerado novo?","onde fazer projeto de ba\u00fa refrigerado?","or\u00e7amento de ba\u00fa refrigerado novo","projeto de ba\u00fa refrigerado","projeto personalizado de ba\u00fa refrigerado","qual ba\u00fa usar para transportar alimentos?","qual ba\u00fa usar para transportar medicamentos?","qual isolamento usar em ba\u00fa refrigerado?","qual o melhor ba\u00fa refrigerado para caminh\u00e3o?","quanto custa um ba\u00fa refrigerado novo?","vale a pena comprar ba\u00fa refrigerado novo?"],"inLanguage":"pt-BR","potentialAction":[{"@type":"CommentAction","name":"Comment","target":["https:\/\/www.bauecarroceria.com.br\/blog\/escolha-seu-bau-refrigerado-novo-com-projeto-exclusivo\/#respond"]}]},{"@type":"WebPage","@id":"https:\/\/www.bauecarroceria.com.br\/blog\/escolha-seu-bau-refrigerado-novo-com-projeto-exclusivo\/","url":"https:\/\/www.bauecarroceria.com.br\/blog\/escolha-seu-bau-refrigerado-novo-com-projeto-exclusivo\/","name":"Escolha seu ba\u00fa refrigerado novo com projeto exclusivo","isPartOf":{"@id":"https:\/\/www.bauecarroceria.com.br\/blog\/#website"},"primaryImageOfPage":{"@id":"https:\/\/www.bauecarroceria.com.br\/blog\/escolha-seu-bau-refrigerado-novo-com-projeto-exclusivo\/#primaryimage"},"image":{"@id":"https:\/\/www.bauecarroceria.com.br\/blog\/escolha-seu-bau-refrigerado-novo-com-projeto-exclusivo\/#primaryimage"},"thumbnailUrl":"https:\/\/www.bauecarroceria.com.br\/blog\/wp-content\/uploads\/2026\/08\/image-2026-08-26T102757.745.jpg","datePublished":"2026-08-26T13:38:40+00:00","dateModified":"2026-08-26T13:38:53+00:00","description":"Encontre ba\u00fa refrigerado novo sob medida para sua carga, com isolamento t\u00e9rmico, estrutura personalizada e suporte especializado.","breadcrumb":{"@id":"https:\/\/www.bauecarroceria.com.br\/blog\/escolha-seu-bau-refrigerado-novo-com-projeto-exclusivo\/#breadcrumb"},"inLanguage":"pt-BR","potentialAction":[{"@type":"ReadAction","target":["https:\/\/www.bauecarroceria.com.br\/blog\/escolha-seu-bau-refrigerado-novo-com-projeto-exclusivo\/"]}]},{"@type":"ImageObject","inLanguage":"pt-BR","@id":"https:\/\/www.bauecarroceria.com.br\/blog\/escolha-seu-bau-refrigerado-novo-com-projeto-exclusivo\/#primaryimage","url":"https:\/\/www.bauecarroceria.com.br\/blog\/wp-content\/uploads\/2026\/08\/image-2026-08-26T102757.745.jpg","contentUrl":"https:\/\/www.bauecarroceria.com.br\/blog\/wp-content\/uploads\/2026\/08\/image-2026-08-26T102757.745.jpg","width":1672,"height":941,"caption":"Escolha seu ba\u00fa refrigerado novo com projeto exclusivo"},{"@type":"BreadcrumbList","@id":"https:\/\/www.bauecarroceria.com.br\/blog\/escolha-seu-bau-refrigerado-novo-com-projeto-exclusivo\/#breadcrumb","itemListElement":[{"@type":"ListItem","position":1,"name":"In\u00edcio","item":"https:\/\/www.bauecarroceria.com.br\/blog\/"},{"@type":"ListItem","position":2,"name":"Escolha seu ba\u00fa refrigerado novo com projeto exclusivo"}]},{"@type":"WebSite","@id":"https:\/\/www.bauecarroceria.com.br\/blog\/#website","url":"https:\/\/www.bauecarroceria.com.br\/blog\/","name":"Blog","description":"","publisher":{"@id":"https:\/\/www.bauecarroceria.com.br\/blog\/#organization"},"potentialAction":[{"@type":"SearchAction","target":{"@type":"EntryPoint","urlTemplate":"https:\/\/www.bauecarroceria.com.br\/blog\/?s={search_term_string}"},"query-input":{"@type":"PropertyValueSpecification","valueRequired":true,"valueName":"search_term_string"}}],"inLanguage":"pt-BR"},{"@type":"Organization","@id":"https:\/\/www.bauecarroceria.com.br\/blog\/#organization","name":"Blog","url":"https:\/\/www.bauecarroceria.com.br\/blog\/","logo":{"@type":"ImageObject","inLanguage":"pt-BR","@id":"https:\/\/www.bauecarroceria.com.br\/blog\/#\/schema\/logo\/image\/","url":"https:\/\/www.bauecarroceria.com.br\/blog\/wp-content\/uploads\/2025\/12\/logo.webp","contentUrl":"https:\/\/www.bauecarroceria.com.br\/blog\/wp-content\/uploads\/2025\/12\/logo.webp","width":1422,"height":1392,"caption":"Blog"},"image":{"@id":"https:\/\/www.bauecarroceria.com.br\/blog\/#\/schema\/logo\/image\/"}},{"@type":"Person","@id":"https:\/\/www.bauecarroceria.com.br\/blog\/#\/schema\/person\/7af3115cbfb46ef9abc26c1c3829641c","name":"admin","image":{"@type":"ImageObject","inLanguage":"pt-BR","@id":"https:\/\/www.bauecarroceria.com.br\/blog\/#\/schema\/person\/image\/","url":"https:\/\/secure.gravatar.com\/avatar\/d2abb7e535a7590a6f9b76c75c90ec5441db3a04a205e6d66ecabfb80081f172?s=96&d=mm&r=g","contentUrl":"https:\/\/secure.gravatar.com\/avatar\/d2abb7e535a7590a6f9b76c75c90ec5441db3a04a205e6d66ecabfb80081f172?s=96&d=mm&r=g","caption":"admin"},"sameAs":["https:\/\/www.bauecarroceria.com.br\/blog"],"url":"https:\/\/www.bauecarroceria.com.br\/blog\/author\/admin\/"}]}},"_links":{"self":[{"href":"https:\/\/www.bauecarroceria.com.br\/blog\/wp-json\/wp\/v2\/posts\/3784","targetHints":{"allow":["GET"]}}],"collection":[{"href":"https:\/\/www.bauecarroceria.com.br\/blog\/wp-json\/wp\/v2\/posts"}],"about":[{"href":"https:\/\/www.bauecarroceria.com.br\/blog\/wp-json\/wp\/v2\/types\/post"}],"author":[{"embeddable":true,"href":"https:\/\/www.bauecarroceria.com.br\/blog\/wp-json\/wp\/v2\/users\/1"}],"replies":[{"embeddable":true,"href":"https:\/\/www.bauecarroceria.com.br\/blog\/wp-json\/wp\/v2\/comments?post=3784"}],"version-history":[{"count":1,"href":"https:\/\/www.bauecarroceria.com.br\/blog\/wp-json\/wp\/v2\/posts\/3784\/revisions"}],"predecessor-version":[{"id":3787,"href":"https:\/\/www.bauecarroceria.com.br\/blog\/wp-json\/wp\/v2\/posts\/3784\/revisions\/3787"}],"wp:featuredmedia":[{"embeddable":true,"href":"https:\/\/www.bauecarroceria.com.br\/blog\/wp-json\/wp\/v2\/media\/3785"}],"wp:attachment":[{"href":"https:\/\/www.bauecarroceria.com.br\/blog\/wp-json\/wp\/v2\/media?parent=3784"}],"wp:term":[{"taxonomy":"category","embeddable":true,"href":"https:\/\/www.bauecarroceria.com.br\/blog\/wp-json\/wp\/v2\/categories?post=3784"},{"taxonomy":"post_tag","embeddable":true,"href":"https:\/\/www.bauecarroceria.com.br\/blog\/wp-json\/wp\/v2\/tags?post=3784"}],"curies":[{"name":"wp","href":"https:\/\/api.w.org\/{rel}","templated":true}]}}